{"id":2862,"date":"2026-01-13T07:59:00","date_gmt":"2026-01-13T07:59:00","guid":{"rendered":"https:\/\/stemcellsbank.ro\/blog\/?p=2862"},"modified":"2026-02-02T08:01:20","modified_gmt":"2026-02-02T08:01:20","slug":"de-ce-doarme-diferit-bebelusul-iarna-ce-e-normal-si-ce-nu","status":"publish","type":"post","link":"http:\/\/stemcellsbank.ro\/blog\/de-ce-doarme-diferit-bebelusul-iarna-ce-e-normal-si-ce-nu","title":{"rendered":"<strong>De ce doarme diferit bebelu\u0219ul iarna? Ce e normal \u0219i ce nu<\/strong>"},"content":{"rendered":"\n<figure class=\"wp-block-image size-large\"><a href=\"http:\/\/stemcellsbank.ro\/blog\/wp-content\/uploads\/2026\/02\/3.jpg\"><img loading=\"lazy\" decoding=\"async\" width=\"1024\" height=\"536\" src=\"http:\/\/stemcellsbank.ro\/blog\/wp-content\/uploads\/2026\/02\/3-1024x536.jpg\" alt=\"\" class=\"wp-image-2853\" srcset=\"http:\/\/stemcellsbank.ro\/blog\/wp-content\/uploads\/2026\/02\/3-1024x536.jpg 1024w, http:\/\/stemcellsbank.ro\/blog\/wp-content\/uploads\/2026\/02\/3-300x157.jpg 300w, http:\/\/stemcellsbank.ro\/blog\/wp-content\/uploads\/2026\/02\/3-768x402.jpg 768w, http:\/\/stemcellsbank.ro\/blog\/wp-content\/uploads\/2026\/02\/3-600x314.jpg 600w, http:\/\/stemcellsbank.ro\/blog\/wp-content\/uploads\/2026\/02\/3.jpg 1200w\" sizes=\"auto, (max-width: 1024px) 100vw, 1024px\" \/><\/a><\/figure>\n\n\n\n<p><\/p>\n\n\n\n<p>Dac\u0103 ai observat c\u0103 bebelu\u0219ul t\u0103u doarme mai mult, se treze\u0219te mai des sau pare mai agitat noaptea \u00een sezonul rece, nu e\u0219ti singurul p\u0103rinte \u00een situa\u021bia asta. Iarna aduce schimb\u0103ri reale \u00een rutina \u0219i ritmul de somn al celor mici \u2014 iar multe dintre ele sunt perfect normale.<\/p>\n\n\n\n<p>Hai s\u0103 vedem ce se \u00eent\u00e2mpl\u0103 \u0219i c\u00e2nd ar trebui, totu\u0219i, s\u0103 fim aten\u021bi.<\/p>\n\n\n\n<p><strong>1. Zilele mai scurte influen\u021beaz\u0103 somnul<\/strong><\/p>\n\n\n\n<p>Lumina natural\u0103 joac\u0103 un rol important \u00een reglarea somnului. Iarna, c\u00e2nd se \u00eentunec\u0103 mai devreme, bebelu\u0219ii pot deveni somnoro\u0219i mai repede sau pot confunda ora de culcare.<\/p>\n\n\n\n<p>Ce po\u021bi face: p\u0103streaz\u0103 o rutin\u0103 clar\u0103 de sear\u0103 \u0219i folose\u0219te lumin\u0103 cald\u0103, difuz\u0103, \u00eenainte de somn.<\/p>\n\n\n\n<p><strong>2. Aerul uscat \u0219i nasul \u00eenfundat<\/strong><\/p>\n\n\n\n<p>C\u0103ldura din cas\u0103 usuc\u0103 aerul, iar bebelu\u0219ii pot avea disconfort respirator, ceea ce duce la treziri frecvente.<\/p>\n\n\n\n<p>Ce po\u021bi face: aerise\u0219te zilnic \u0219i men\u021bine o umiditate optim\u0103 \u00een camer\u0103.<\/p>\n\n\n\n<p><strong>3. Mai pu\u021bin\u0103 stimulare \u00een timpul zilei<\/strong><\/p>\n\n\n\n<p>Ie\u0219irile mai rare \u0219i timpul petrecut mai mult \u00een cas\u0103 pot \u00eensemna mai pu\u021bin\u0103 stimulare fizic\u0103 \u0219i senzorial\u0103. Unii bebelu\u0219i dorm mai mult, al\u021bii \u2014 paradoxal \u2014 mai prost.<\/p>\n\n\n\n<p>Ce po\u021bi face: joac\u0103 activ\u0103 adaptat\u0103 v\u00e2rstei \u0219i plimb\u0103ri zilnice, chiar \u0219i scurte.<\/p>\n\n\n\n<p><strong>4. Disconfort termic<\/strong><\/p>\n\n\n\n<p>Un bebelu\u0219 care e prea cald sau prea rece nu va dormi bine. Iarna, p\u0103rin\u021bii tind s\u0103 supra\u00eenc\u0103lzeasc\u0103 camera sau s\u0103 adauge prea multe straturi.<\/p>\n\n\n\n<p>Ce po\u021bi face: temperatura ideal\u0103 este \u00eentre 18\u201321\u00b0C, cu haine potrivite pentru somn.<\/p>\n\n\n\n<p><strong>5. Schimb\u0103rile de rutin\u0103<\/strong><\/p>\n\n\n\n<p>S\u0103rb\u0103torile, vizitele \u0219i programul diferit pot afecta somnul. Bebelu\u0219ii sunt foarte sensibili la schimb\u0103ri, chiar \u0219i mici.<\/p>\n\n\n\n<p>Ce po\u021bi face: revino c\u00e2t mai repede la rutina obi\u0219nuit\u0103 de somn.<\/p>\n\n\n\n<p><strong>Ce este normal?<\/strong><\/p>\n\n\n\n<p>Treziri mai frecvente ocazionale<\/p>\n\n\n\n<p>Somn mai lung \u00een unele zile<\/p>\n\n\n\n<p>Nevoia de mai mult\u0103 apropiere \u0219i confort<\/p>\n\n\n\n<p><strong>C\u00e2nd ar trebui s\u0103 ceri sfatul medicului?<\/strong><\/p>\n\n\n\n<p>Treziri foarte dese asociate cu pl\u00e2ns intens<\/p>\n\n\n\n<p>Dificult\u0103\u021bi respiratorii evidente<\/p>\n\n\n\n<p>Schimb\u0103ri bru\u0219te \u0219i persistente ale somnului<\/p>\n\n\n\n<p><a>S\u0103n\u0103tatea copilului t\u0103u este cea mai important\u0103. Cum ar fi s\u0103 i-o po\u021bi asigura \u0219i dup\u0103 na\u0219tere? Acest lucru este posibil prin recoltarea de celule stem la na\u0219tere. Celulele stem sunt celulele \u201eprimordiale\u201d ale organismului uman, care se pot diferen\u021bia \u00een alte tipuri de celule cu rol \u00een regenerarea la nivel tisular. MedLife Stem Cells Bank vine \u00een sprijinul t\u0103u. Consultan\u021bii no\u0219tri \u00ee\u021bi stau la dispozi\u021bie at\u00e2t telefonic, c\u00e2t \u0219i pentru a stabili o \u00eent\u00e2lnire \u00een care s\u0103 afli mai multe informa\u021bii despre posibilit\u0103\u021bile de recoltare a celulelor stem \u0219i despre op\u021biunile de stocare, \u00een a\u0219a fel \u00eenc\u00e2t tu s\u0103 po\u021bi lua cea mai sigur\u0103 decizie fiind informat\u0103 corect despre aceste aspecte.<\/a><\/p>\n","protected":false},"excerpt":{"rendered":"<p>Dac\u0103 ai observat c\u0103 bebelu\u0219ul t\u0103u doarme mai mult, se treze\u0219te mai des sau pare mai agitat noaptea \u00een sezonul rece, nu e\u0219ti singurul p\u0103rinte \u00een situa\u021bia asta. Iarna aduce schimb\u0103ri reale \u00een rutina \u0219i ritmul de somn al celor [&hellip;]<\/p>\n","protected":false},"author":1,"featured_media":2853,"comment_status":"open","ping_status":"open","sticky":false,"template":"","format":"standard","meta":{"footnotes":""},"categories":[5],"tags":[596],"class_list":["post-2862","post","type-post","status-publish","format-standard","has-post-thumbnail","hentry","category-parenting","tag-somnul-bebelusului-iarna"],"_links":{"self":[{"href":"http:\/\/stemcellsbank.ro\/blog\/wp-json\/wp\/v2\/posts\/2862","targetHints":{"allow":["GET"]}}],"collection":[{"href":"http:\/\/stemcellsbank.ro\/blog\/wp-json\/wp\/v2\/posts"}],"about":[{"href":"http:\/\/stemcellsbank.ro\/blog\/wp-json\/wp\/v2\/types\/post"}],"author":[{"embeddable":true,"href":"http:\/\/stemcellsbank.ro\/blog\/wp-json\/wp\/v2\/users\/1"}],"replies":[{"embeddable":true,"href":"http:\/\/stemcellsbank.ro\/blog\/wp-json\/wp\/v2\/comments?post=2862"}],"version-history":[{"count":1,"href":"http:\/\/stemcellsbank.ro\/blog\/wp-json\/wp\/v2\/posts\/2862\/revisions"}],"predecessor-version":[{"id":2863,"href":"http:\/\/stemcellsbank.ro\/blog\/wp-json\/wp\/v2\/posts\/2862\/revisions\/2863"}],"wp:featuredmedia":[{"embeddable":true,"href":"http:\/\/stemcellsbank.ro\/blog\/wp-json\/wp\/v2\/media\/2853"}],"wp:attachment":[{"href":"http:\/\/stemcellsbank.ro\/blog\/wp-json\/wp\/v2\/media?parent=2862"}],"wp:term":[{"taxonomy":"category","embeddable":true,"href":"http:\/\/stemcellsbank.ro\/blog\/wp-json\/wp\/v2\/categories?post=2862"},{"taxonomy":"post_tag","embeddable":true,"href":"http:\/\/stemcellsbank.ro\/blog\/wp-json\/wp\/v2\/tags?post=2862"}],"curies":[{"name":"wp","href":"https:\/\/api.w.org\/{rel}","templated":true}]}}