{"id":2811,"date":"2025-11-18T05:55:00","date_gmt":"2025-11-18T05:55:00","guid":{"rendered":"https:\/\/stemcellsbank.ro\/blog\/?p=2811"},"modified":"2025-12-02T05:55:38","modified_gmt":"2025-12-02T05:55:38","slug":"cum-sa-ai-grija-de-fata-bebelusului-tau-in-timpul-vremii-reci-un-ghid-delicat-pentru-iarna","status":"publish","type":"post","link":"http:\/\/stemcellsbank.ro\/blog\/cum-sa-ai-grija-de-fata-bebelusului-tau-in-timpul-vremii-reci-un-ghid-delicat-pentru-iarna","title":{"rendered":"Cum s\u0103 ai grij\u0103 de fa\u021ba bebelu\u0219ului t\u0103u \u00een timpul vremii reci: Un ghid delicat pentru iarn\u0103"},"content":{"rendered":"\n<figure class=\"wp-block-image size-large\"><a href=\"http:\/\/stemcellsbank.ro\/blog\/wp-content\/uploads\/2025\/12\/7.jpg\"><img loading=\"lazy\" decoding=\"async\" width=\"1024\" height=\"536\" src=\"http:\/\/stemcellsbank.ro\/blog\/wp-content\/uploads\/2025\/12\/7-1024x536.jpg\" alt=\"\" class=\"wp-image-2802\" srcset=\"http:\/\/stemcellsbank.ro\/blog\/wp-content\/uploads\/2025\/12\/7-1024x536.jpg 1024w, http:\/\/stemcellsbank.ro\/blog\/wp-content\/uploads\/2025\/12\/7-300x157.jpg 300w, http:\/\/stemcellsbank.ro\/blog\/wp-content\/uploads\/2025\/12\/7-768x402.jpg 768w, http:\/\/stemcellsbank.ro\/blog\/wp-content\/uploads\/2025\/12\/7-600x314.jpg 600w, http:\/\/stemcellsbank.ro\/blog\/wp-content\/uploads\/2025\/12\/7.jpg 1200w\" sizes=\"auto, (max-width: 1024px) 100vw, 1024px\" \/><\/a><\/figure>\n\n\n\n<p><\/p>\n\n\n\n<p>Vremea rece poate fi d\u0103un\u0103toare pentru pielea delicat\u0103 a bebelu\u0219ului. V\u00e2nturile reci, umiditatea sc\u0103zut\u0103 \u0219i \u00eenc\u0103lzirea din interior pot duce rapid la usc\u0103ciune, ro\u0219ea\u021b\u0103, cr\u0103p\u0103turi \u0219i irita\u021bii &#8211; \u00een special pe fa\u021b\u0103, care este aproape \u00eentotdeauna expus\u0103. Bebelu\u0219ii au pielea mai sub\u021bire \u0219i mai sensibil\u0103 dec\u00e2t adul\u021bii, ceea ce \u00eei face mai vulnerabili la disconfortul iernii.<\/p>\n\n\n\n<p>Vestea bun\u0103? Cu c\u00e2\u021biva pa\u0219i simpli \u0219i obiceiurile potrivite, po\u021bi men\u021bine fa\u021ba bebelu\u0219ului t\u0103u moale, hidratat\u0103 \u0219i protejat\u0103 toat\u0103 iarna. Iat\u0103 ghidul t\u0103u pentru \u00eengrijirea pielii micu\u021bului t\u0103u pe vreme rece.<\/p>\n\n\n\n<p><strong>&nbsp;De ce pielea bebelu\u0219ului are nevoie de \u00eengrijire suplimentar\u0103 iarna?<\/strong><\/p>\n\n\n\n<p>\u00cen timpul iernii, mai mul\u021bi factori pot afecta pielea unui bebelu\u0219:<\/p>\n\n\n\n<p>Aerul uscat (at\u00e2t \u00een \u200b\u200bexterior, c\u00e2t \u0219i \u00een interior) reduce umiditatea natural\u0103, v\u00e2ntul rece poate provoca cr\u0103p\u0103turi \u0219i ro\u0219ea\u021b\u0103. Schimb\u0103rile de temperatur\u0103 la trecerea de la interior la exterior pot irita pielea, saliva poate agrava irita\u021bia din jurul gurii \u0219i obrajilor.<\/p>\n\n\n\n<p>Deoarece bebelu\u0219ii au o barier\u0103 cutanat\u0103 mai slab\u0103, pierd umiditate mai repede \u0219i au nevoie de protec\u021bie suplimentar\u0103.<\/p>\n\n\n\n<p><strong>1. Folose\u0219te zilnic o crem\u0103 hidratant\u0103 delicat\u0103, sigur\u0103 pentru bebelu\u0219i<\/strong><\/p>\n\n\n\n<p>Hidratarea este esen\u021bial\u0103 iarna.<\/p>\n\n\n\n<p>Alege o crem\u0103 hidratant\u0103 care este:<\/p>\n\n\n\n<ul class=\"wp-block-list\">\n<li>F\u0103r\u0103 parfum<\/li>\n\n\n\n<li>Hipoalergenic\u0103<\/li>\n\n\n\n<li>Conceput\u0103 pentru bebelu\u0219i sau piele sensibil\u0103<\/li>\n<\/ul>\n\n\n\n<p>Cremele \u0219i unguentele (nu lo\u021biunile) func\u021bioneaz\u0103 cel mai bine iarna, deoarece sunt mai bogate \u0219i creeaz\u0103 o barier\u0103 protectoare mai puternic\u0103.<\/p>\n\n\n\n<p>C\u00e2nd se aplic\u0103:<\/p>\n\n\n\n<p>Dup\u0103 baie (c\u00e2nd pielea este \u00eenc\u0103 u\u0219or umed\u0103)<\/p>\n\n\n\n<p>\u00cenainte de a ie\u0219i afar\u0103<\/p>\n\n\n\n<p>Ori de c\u00e2te ori pielea pare uscat\u0103 sau descuamat\u0103<\/p>\n\n\n\n<p><strong>&nbsp;2. Protejeaz\u0103 fa\u021ba bebelu\u0219ului \u00eenainte de a ie\u0219i afar\u0103<\/strong><\/p>\n\n\n\n<p>\u00cenainte de a ie\u0219i afar\u0103, aplic\u0103 un strat sub\u021bire de crem\u0103 hidratant\u0103 sau un unguent protector sigur pentru bebelu\u0219i pentru a-l proteja \u00eempotriva aerului rece \u0219i a v\u00e2ntului.<\/p>\n\n\n\n<p>Po\u021bi folosi \u0219i:<\/p>\n\n\n\n<ul class=\"wp-block-list\">\n<li>e\u0219arf\u0103 moale sau o p\u0103tur\u0103 lejer\u0103 \u00een jurul c\u0103ruciorului (nu direct pe fa\u021b\u0103)<\/li>\n\n\n\n<li>p\u0103l\u0103rie care acoper\u0103 urechile \u0219i obrajii<\/li>\n<\/ul>\n\n\n\n<ul class=\"wp-block-list\">\n<li>Huse de protec\u021bie \u00eempotriva v\u00e2ntului pentru c\u0103rucior pentru a-l proteja de vremea nefavorabil\u0103<\/li>\n\n\n\n<li>Evit\u0103 s\u0103 acoperi fa\u021ba bebelu\u0219ului direct cu material textil, deoarece poate afecta respira\u021bia.<\/li>\n<\/ul>\n\n\n\n<p>S\u0103n\u0103tatea copilului t\u0103u este cea mai important\u0103. Cum ar fi s\u0103 i-o po\u021bi asigura \u0219i dup\u0103 na\u0219tere? Acest lucru este posibil prin recoltarea de celule stem la na\u0219tere. Celulele stem sunt celulele \u201eprimordiale\u201d ale organismului uman, care se pot diferen\u021bia \u00een alte tipuri de celule cu rol \u00een regenerarea la nivel tisular. MedLife Stem Cells Bank vine \u00een sprijinul t\u0103u. Consultan\u021bii no\u0219tri \u00ee\u021bi stau la dispozi\u021bie at\u00e2t telefonic, c\u00e2t \u0219i pentru a stabili o \u00eent\u00e2lnire \u00een care s\u0103 afli mai multe informa\u021bii despre posibilit\u0103\u021bile de recoltare a celulelor stem \u0219i despre op\u021biunile de stocare, \u00een a\u0219a fel \u00eenc\u00e2t tu s\u0103 po\u021bi lua cea mai sigur\u0103 decizie fiind informat\u0103 corect despre aceste aspecte.<\/p>\n","protected":false},"excerpt":{"rendered":"<p>Vremea rece poate fi d\u0103un\u0103toare pentru pielea delicat\u0103 a bebelu\u0219ului. V\u00e2nturile reci, umiditatea sc\u0103zut\u0103 \u0219i \u00eenc\u0103lzirea din interior pot duce rapid la usc\u0103ciune, ro\u0219ea\u021b\u0103, cr\u0103p\u0103turi \u0219i irita\u021bii &#8211; \u00een special pe fa\u021b\u0103, care este aproape \u00eentotdeauna expus\u0103. Bebelu\u0219ii au pielea [&hellip;]<\/p>\n","protected":false},"author":1,"featured_media":2802,"comment_status":"open","ping_status":"open","sticky":false,"template":"","format":"standard","meta":{"footnotes":""},"categories":[5],"tags":[586],"class_list":["post-2811","post","type-post","status-publish","format-standard","has-post-thumbnail","hentry","category-parenting","tag-ingrijire-bebelus"],"_links":{"self":[{"href":"http:\/\/stemcellsbank.ro\/blog\/wp-json\/wp\/v2\/posts\/2811","targetHints":{"allow":["GET"]}}],"collection":[{"href":"http:\/\/stemcellsbank.ro\/blog\/wp-json\/wp\/v2\/posts"}],"about":[{"href":"http:\/\/stemcellsbank.ro\/blog\/wp-json\/wp\/v2\/types\/post"}],"author":[{"embeddable":true,"href":"http:\/\/stemcellsbank.ro\/blog\/wp-json\/wp\/v2\/users\/1"}],"replies":[{"embeddable":true,"href":"http:\/\/stemcellsbank.ro\/blog\/wp-json\/wp\/v2\/comments?post=2811"}],"version-history":[{"count":1,"href":"http:\/\/stemcellsbank.ro\/blog\/wp-json\/wp\/v2\/posts\/2811\/revisions"}],"predecessor-version":[{"id":2812,"href":"http:\/\/stemcellsbank.ro\/blog\/wp-json\/wp\/v2\/posts\/2811\/revisions\/2812"}],"wp:featuredmedia":[{"embeddable":true,"href":"http:\/\/stemcellsbank.ro\/blog\/wp-json\/wp\/v2\/media\/2802"}],"wp:attachment":[{"href":"http:\/\/stemcellsbank.ro\/blog\/wp-json\/wp\/v2\/media?parent=2811"}],"wp:term":[{"taxonomy":"category","embeddable":true,"href":"http:\/\/stemcellsbank.ro\/blog\/wp-json\/wp\/v2\/categories?post=2811"},{"taxonomy":"post_tag","embeddable":true,"href":"http:\/\/stemcellsbank.ro\/blog\/wp-json\/wp\/v2\/tags?post=2811"}],"curies":[{"name":"wp","href":"https:\/\/api.w.org\/{rel}","templated":true}]}}