{"id":2786,"date":"2025-10-16T02:00:49","date_gmt":"2025-10-16T02:00:49","guid":{"rendered":"https:\/\/stemcellsbank.ro\/blog\/?p=2786"},"modified":"2025-11-02T02:01:44","modified_gmt":"2025-11-02T02:01:44","slug":"cum-tratezi-febra-la-bebelusi-in-aceasta-perioada","status":"publish","type":"post","link":"http:\/\/stemcellsbank.ro\/blog\/cum-tratezi-febra-la-bebelusi-in-aceasta-perioada","title":{"rendered":"<strong>Cum tratezi febra la bebelu\u0219i \u00een aceast\u0103 perioad\u0103?<\/strong>"},"content":{"rendered":"\n<figure class=\"wp-block-image size-large\"><a href=\"http:\/\/stemcellsbank.ro\/blog\/wp-content\/uploads\/2025\/11\/5.jpg\"><img loading=\"lazy\" decoding=\"async\" width=\"1024\" height=\"536\" src=\"http:\/\/stemcellsbank.ro\/blog\/wp-content\/uploads\/2025\/11\/5-1024x536.jpg\" alt=\"\" class=\"wp-image-2773\" srcset=\"http:\/\/stemcellsbank.ro\/blog\/wp-content\/uploads\/2025\/11\/5-1024x536.jpg 1024w, http:\/\/stemcellsbank.ro\/blog\/wp-content\/uploads\/2025\/11\/5-300x157.jpg 300w, http:\/\/stemcellsbank.ro\/blog\/wp-content\/uploads\/2025\/11\/5-768x402.jpg 768w, http:\/\/stemcellsbank.ro\/blog\/wp-content\/uploads\/2025\/11\/5-600x314.jpg 600w, http:\/\/stemcellsbank.ro\/blog\/wp-content\/uploads\/2025\/11\/5.jpg 1200w\" sizes=\"auto, (max-width: 1024px) 100vw, 1024px\" \/><\/a><\/figure>\n\n\n\n<p><\/p>\n\n\n\n<p>Pu\u021bine lucruri \u00eei \u00eengrijoreaz\u0103 mai mult pe p\u0103rin\u021bi dec\u00e2t s\u0103 ating\u0103 fruntea bebelu\u0219ului \u0219i s\u0103 realizeze c\u0103 este mai cald\u0103 dec\u00e2t de obicei. Febra poate face ca micu\u021bul t\u0103u s\u0103 se simt\u0103 inconfortabil &#8211; \u0219i te poate face \u0219i pe tine anxios. Dar, \u00een majoritatea cazurilor, febra nu este periculoas\u0103; este modul natural al organismului de a combate infec\u021biile.<\/p>\n\n\n\n<p><strong>Iat\u0103 ce trebuie s\u0103 \u0219tii &#8211; \u0219i s\u0103 faci &#8211; c\u00e2nd bebelu\u0219ul t\u0103u are febr\u0103<\/strong><\/p>\n\n\n\n<p>Ce se consider\u0103 febr\u0103 la bebelu\u0219i?<\/p>\n\n\n\n<p>Un bebelu\u0219 este considerat a avea febr\u0103 dac\u0103 temperatura sa este:<\/p>\n\n\n\n<p>38\u00b0C (100,4\u00b0F) sau mai mare atunci c\u00e2nd este luat\u0103 rectal<\/p>\n\n\n\n<p>37,5\u00b0C (99,5\u00b0F) sau mai mare la subra\u021b<\/p>\n\n\n\n<p>Cel mai bine este s\u0103 folose\u0219ti un termometru digital pentru precizie. Evit\u0103 termometrele pentru urechi sau frunte pentru bebelu\u0219ii sub 6 luni, deoarece acestea pot oferi citiri mai pu\u021bin fiabile.<\/p>\n\n\n\n<p><strong>Ce po\u021bi face pentru a-\u021bi ajuta bebelu\u0219ul<\/strong><\/p>\n\n\n\n<p>1. Men\u021bine-l confortabil<\/p>\n\n\n\n<p>\u00cembrac\u0103-\u021bi bebelu\u0219ul cu haine u\u0219oare, respirabile &#8211; nu prea multe straturi. O salopet\u0103 u\u0219oar\u0103 din bumbac este perfect\u0103. Men\u021bine camera la o temperatur\u0103 confortabil\u0103 (\u00een jur de 20-22\u00b0C \/ 68-72\u00b0F).<\/p>\n\n\n\n<p>2. Ofer\u0103 multe lichide<\/p>\n\n\n\n<p>Febra poate face ca bebelu\u0219ii s\u0103 piard\u0103 rapid lichide. Ofer\u0103 al\u0103pt\u0103ri frecvente sau biberon. Dac\u0103 bebelu\u0219ul t\u0103u are peste 6 luni, po\u021bi oferi \u0219i \u00eenghi\u021bituri mici de ap\u0103.<\/p>\n\n\n\n<p>3. Monitorizeaz\u0103-i temperatura<\/p>\n\n\n\n<p>Verific\u0103 temperatura bebelu\u0219ului la fiecare c\u00e2teva ore, dar nuexagera. Concentreaz\u0103-te mai mult pe modul \u00een care se comport\u0103 bebelu\u0219ul t\u0103u &#8211; alert, receptiv \u0219i hidratat sunt semne bune.<\/p>\n\n\n\n<p><strong>C\u00e2nd s\u0103 suni la medic?<\/strong><\/p>\n\n\n\n<p>De\u0219i multe febre sunt inofensive, ar trebui s\u0103 solici\u021bi imediat sfatul medicului dac\u0103 bebelu\u0219ul:<\/p>\n\n\n\n<p>Are sub 3 luni \u0219i are febr\u0103 peste 38\u00b0C (100,4\u00b0F).<\/p>\n\n\n\n<p>Are \u00eentre 3 \u0219i 6 luni \u0219i febr\u0103 peste 39\u00b0C (102\u00b0F).<\/p>\n\n\n\n<p>Are dificult\u0103\u021bi de respira\u021bie, v\u0103rs\u0103turi persistente sau refuz\u0103 s\u0103 se hr\u0103neasc\u0103.<\/p>\n\n\n\n<p>Pare foarte somnoros, nu r\u0103spunde la stimuli sau este neobi\u0219nuit de iritabil.<\/p>\n\n\n\n<p>Are o erup\u021bie cutanat\u0103 care nu dispare la ap\u0103sare.<\/p>\n\n\n\n<p>Are rigiditatea g\u00e2tului, convulsii sau pl\u00e2nge neconsolabil.<\/p>\n\n\n\n<p>Este \u00eentotdeauna recomandat s\u0103 apelezi la medicul pediatru sau s\u0103 solici\u021bi asisten\u021b\u0103 medical\u0103 de urgen\u021b\u0103.<\/p>\n\n\n\n<p>Nu uita c\u0103 febra este modul \u00een care organismul spune: \u201eLupt \u00eempotriva a ceva\u201d. Este un semn c\u0103 sistemul imunitar al bebelu\u0219ului \u00ee\u0219i face treaba. Majoritatea febrelor trec \u00een c\u00e2teva zile cu odihn\u0103, lichide \u0219i dragoste.<\/p>\n\n\n\n<p>Ai \u00eencredere \u00een instinctele tale \u2014 tu \u00ee\u021bi cuno\u0219ti cel mai bine copilul. Dac\u0103 sim\u021bi c\u0103 ceva este \u201e\u00een neregul\u0103\u201d, nu ezita s\u0103-\u021bi suni medicul.<\/p>\n\n\n\n<p>S\u0103n\u0103tatea copilului t\u0103u este cea mai important\u0103. Cum ar fi s\u0103 i-o po\u021bi asigura \u0219i dup\u0103 na\u0219tere? Acest lucru este posibil prin recoltarea de celule stem la na\u0219tere. Celulele stem sunt celulele \u201eprimordiale\u201d ale organismului uman, care se pot diferen\u021bia \u00een alte tipuri de celule cu rol \u00een regenerarea la nivel tisular. MedLife Stem Cells Bank vine \u00een sprijinul t\u0103u. Consultan\u021bii no\u0219tri \u00ee\u021bi stau la dispozi\u021bie at\u00e2t telefonic, c\u00e2t \u0219i pentru a stabili o \u00eent\u00e2lnire \u00een care s\u0103 afli mai multe informa\u021bii despre posibilit\u0103\u021bile de recoltare a celulelor stem \u0219i despre op\u021biunile de stocare, \u00een a\u0219a fel \u00eenc\u00e2t tu s\u0103 po\u021bi lua cea mai sigur\u0103 decizie fiind informat\u0103 corect despre aceste aspecte.<\/p>\n","protected":false},"excerpt":{"rendered":"<p>Pu\u021bine lucruri \u00eei \u00eengrijoreaz\u0103 mai mult pe p\u0103rin\u021bi dec\u00e2t s\u0103 ating\u0103 fruntea bebelu\u0219ului \u0219i s\u0103 realizeze c\u0103 este mai cald\u0103 dec\u00e2t de obicei. Febra poate face ca micu\u021bul t\u0103u s\u0103 se simt\u0103 inconfortabil &#8211; \u0219i te poate face \u0219i pe [&hellip;]<\/p>\n","protected":false},"author":1,"featured_media":2773,"comment_status":"open","ping_status":"open","sticky":false,"template":"","format":"standard","meta":{"footnotes":""},"categories":[5],"tags":[583],"class_list":["post-2786","post","type-post","status-publish","format-standard","has-post-thumbnail","hentry","category-parenting","tag-febra-la-bebelusi"],"_links":{"self":[{"href":"http:\/\/stemcellsbank.ro\/blog\/wp-json\/wp\/v2\/posts\/2786","targetHints":{"allow":["GET"]}}],"collection":[{"href":"http:\/\/stemcellsbank.ro\/blog\/wp-json\/wp\/v2\/posts"}],"about":[{"href":"http:\/\/stemcellsbank.ro\/blog\/wp-json\/wp\/v2\/types\/post"}],"author":[{"embeddable":true,"href":"http:\/\/stemcellsbank.ro\/blog\/wp-json\/wp\/v2\/users\/1"}],"replies":[{"embeddable":true,"href":"http:\/\/stemcellsbank.ro\/blog\/wp-json\/wp\/v2\/comments?post=2786"}],"version-history":[{"count":1,"href":"http:\/\/stemcellsbank.ro\/blog\/wp-json\/wp\/v2\/posts\/2786\/revisions"}],"predecessor-version":[{"id":2787,"href":"http:\/\/stemcellsbank.ro\/blog\/wp-json\/wp\/v2\/posts\/2786\/revisions\/2787"}],"wp:featuredmedia":[{"embeddable":true,"href":"http:\/\/stemcellsbank.ro\/blog\/wp-json\/wp\/v2\/media\/2773"}],"wp:attachment":[{"href":"http:\/\/stemcellsbank.ro\/blog\/wp-json\/wp\/v2\/media?parent=2786"}],"wp:term":[{"taxonomy":"category","embeddable":true,"href":"http:\/\/stemcellsbank.ro\/blog\/wp-json\/wp\/v2\/categories?post=2786"},{"taxonomy":"post_tag","embeddable":true,"href":"http:\/\/stemcellsbank.ro\/blog\/wp-json\/wp\/v2\/tags?post=2786"}],"curies":[{"name":"wp","href":"https:\/\/api.w.org\/{rel}","templated":true}]}}