{"id":2699,"date":"2025-07-04T11:47:46","date_gmt":"2025-07-04T11:47:46","guid":{"rendered":"https:\/\/stemcellsbank.ro\/blog\/?p=2699"},"modified":"2025-08-01T11:48:43","modified_gmt":"2025-08-01T11:48:43","slug":"copilul-tau-se-confrunta-cu-rosu-in-gat-pe-perioada-verii-afla-tot","status":"publish","type":"post","link":"http:\/\/stemcellsbank.ro\/blog\/copilul-tau-se-confrunta-cu-rosu-in-gat-pe-perioada-verii-afla-tot","title":{"rendered":"Copilul t\u0103u se confrunt\u0103 cu ro\u0219u \u00een g\u00e2t pe perioada verii? Afl\u0103 tot!"},"content":{"rendered":"\n<p><\/p>\n\n\n\n<figure class=\"wp-block-image size-large\"><a href=\"http:\/\/stemcellsbank.ro\/blog\/wp-content\/uploads\/2025\/08\/2.jpg\"><img loading=\"lazy\" decoding=\"async\" width=\"1024\" height=\"536\" src=\"http:\/\/stemcellsbank.ro\/blog\/wp-content\/uploads\/2025\/08\/2-1024x536.jpg\" alt=\"\" class=\"wp-image-2696\" srcset=\"http:\/\/stemcellsbank.ro\/blog\/wp-content\/uploads\/2025\/08\/2-1024x536.jpg 1024w, http:\/\/stemcellsbank.ro\/blog\/wp-content\/uploads\/2025\/08\/2-300x157.jpg 300w, http:\/\/stemcellsbank.ro\/blog\/wp-content\/uploads\/2025\/08\/2-768x402.jpg 768w, http:\/\/stemcellsbank.ro\/blog\/wp-content\/uploads\/2025\/08\/2-600x314.jpg 600w, http:\/\/stemcellsbank.ro\/blog\/wp-content\/uploads\/2025\/08\/2.jpg 1200w\" sizes=\"auto, (max-width: 1024px) 100vw, 1024px\" \/><\/a><\/figure>\n\n\n\n<p><\/p>\n\n\n\n<p>Ca p\u0103rinte, poate fi \u00eengrijor\u0103tor s\u0103 observi c\u0103 bebelu\u0219ul t\u0103u se simte inconfortabil sau iritat \u00een timpul verii &#8211; mai ales dac\u0103 pare s\u0103 aib\u0103 ceea ce unii numesc \u201ero\u0219u \u00een g\u00e2t\u201d. De\u0219i acesta nu este un termen medical, este adesea folosit de p\u0103rin\u021bi pentru a descrie simptome precum rigiditatea g\u00e2tului, umflarea sau disconfortul la bebelu\u0219i. Aceste semne pot sem\u0103na cu cele observate \u00een lunile mai reci, dar pot ap\u0103rea \u0219i \u00een timpul vremii calde, adesea din motive diferite.<\/p>\n\n\n\n<p><strong>Ce \u00eenseamn\u0103 \u201ero\u0219u \u00een g\u00e2t\u201d la bebelu\u0219i?<\/strong><\/p>\n\n\n\n<p>\u00cen unele culturi sau regiuni, \u201ero\u0219u \u00een g\u00e2t\u201d se refer\u0103 la faptul c\u0103 bebelu\u0219ul dezvolt\u0103 tensiune, disconfort sau o u\u0219oar\u0103 inflama\u021bie \u00een jurul zonei g\u00e2tului, adesea atribuit\u0103 expunerii la aer rece (de exemplu, ventilatoare, aer condi\u021bionat sau uscarea prea rapid\u0103 a transpira\u021biei). De\u0219i aerul rece \u00een sine nu este de obicei d\u0103un\u0103tor, acesta poate declan\u0219a sau exacerba rigiditatea muscular\u0103, blocarea glandelor sau infec\u021biile virale &#8211; chiar \u0219i \u00een timpul verii.<\/p>\n\n\n\n<p><strong>Cauze frecvente ale disconfortului \u00een g\u00e2t la bebelu\u0219i \u00een timpul verii<\/strong><\/p>\n\n\n\n<p>Expunerea prelungit\u0103 la aer rece direct pe g\u00e2tul transpirat poate provoca rigiditate muscular\u0103 sau inflama\u021bie u\u0219oar\u0103.<\/p>\n\n\n\n<p>Acest lucru poate duce la faptul c\u0103 bebelu\u0219ii \u00ee\u0219i \u021bin g\u00e2tul \u00eentr-un anumit fel, sunt agita\u021bi atunci c\u00e2nd sunt mi\u0219ca\u021bi sau refuz\u0103 s\u0103-\u0219i \u00eentoarc\u0103 capul.<\/p>\n\n\n\n<p>Pe vreme cald\u0103, transpira\u021bia se poate acumula \u00een pliurile g\u00e2tului, duc\u00e2nd la erup\u021bii cutanate (c\u0103ldur\u0103 \u00een\u021bep\u0103toare) sau irita\u021bii ale pielii. Acest lucru poate face g\u00e2tul ro\u0219u, cu m\u00e2nc\u0103rime \u0219i sensibil la atingere.<\/p>\n\n\n\n<p>Infec\u021biile minore, cum ar fi o r\u0103ceal\u0103 viral\u0103 sau inflama\u021bia legat\u0103 de erup\u021bia dentar\u0103, pot provoca umflarea ganglionilor limfatici de la nivelul g\u00e2tului.<\/p>\n\n\n\n<p>Uneori, bebelu\u0219ii pot dezvolta rigiditate muscular\u0103 a g\u00e2tului din cauza faptului c\u0103 stau \u00eentr-o singur\u0103 pozi\u021bie prea mult timp (cum ar fi \u00eentr-un scaun auto sau \u00een c\u0103rucior).<\/p>\n\n\n\n<p>Poate sem\u0103na cu \u201ero\u0219ul \u00een g\u00e2t\u201d, dar se datoreaz\u0103 de obicei solicit\u0103rii mecanice.<\/p>\n\n\n\n<p>\u00cen ciuda c\u0103ldurii, virusurile pot circula vara, \u00een special \u00een colectivitate. Durerea \u00een g\u00e2t, febra sau ganglionii umfla\u021bi pot \u00eenso\u021bi disconfortul la nivelul g\u00e2tului.<\/p>\n\n\n\n<p>Dac\u0103 bebelu\u0219ul dumneavoastr\u0103 are ceea ce pare a fi o \u201er\u0103ceal\u0103 \u00een g\u00e2t\u201d, fii atent\u0103 la aceste semne:<\/p>\n\n\n\n<ul class=\"wp-block-list\">\n<li>Bebelu\u0219ul se opune \u00eentoarcerii capului<\/li>\n\n\n\n<li>Agita\u021bie c\u00e2nd se \u00eentinde sau \u00een timpul schimb\u0103rii scutecului<\/li>\n\n\n\n<li>Piele ro\u0219ie sau iritat\u0103 \u00een pliurile g\u00e2tului<\/li>\n\n\n\n<li>Febr\u0103 u\u0219oar\u0103<\/li>\n\n\n\n<li>Ganglionii umfla\u021bi<\/li>\n<\/ul>\n\n\n\n<ul class=\"wp-block-list\">\n<li>Dificult\u0103\u021bi la \u00eenghi\u021bire sau salivare mai mult dec\u00e2t de obicei<\/li>\n\n\n\n<li>Pl\u00e2ns c\u00e2nd este atins \u00een jurul g\u00e2tului<\/li>\n<\/ul>\n\n\n\n<p>Ce pute\u021bi face acas\u0103<\/p>\n\n\n\n<p>\u00cembrac\u0103-l lejer: Folosi\u021bi haine din bumbac respirabile pentru a evita supra\u00eenc\u0103lzirea \u0219i transpira\u021bia.<\/p>\n\n\n\n<p>Men\u021bine zona g\u00e2tului curat\u0103 \u0219i uscat\u0103: \u0218terge u\u0219or cu o c\u00e2rp\u0103 moale, mai ales dup\u0103 transpira\u021bie.<\/p>\n\n\n\n<p>Evit\u0103 aerul rece direct: Nu \u00eendrepta ventilatoarele sau aparatul de aer condi\u021bionat direct spre bebelu\u0219 &#8211; men\u021bine\u021bi fluxul de aer indirect \u0219i bl\u00e2nd.<\/p>\n\n\n\n<p>Maseaz\u0103 u\u0219or: Dac\u0103 g\u00e2tul pare rigid, o compres\u0103 cald\u0103 u\u0219oar\u0103 \u0219i un masaj bl\u00e2nd (dac\u0103 este tolerat) pot ajuta la relaxarea mu\u0219chilor.<\/p>\n\n\n\n<p>Monitorizeaz\u0103 febra: Ia temperatura bebelu\u0219ului dac\u0103 pare anormal sau este neobi\u0219nuit de agitat.<\/p>\n\n\n\n<p><strong>C\u00e2nd s\u0103 consul\u021bi un medic<\/strong><\/p>\n\n\n\n<ul class=\"wp-block-list\">\n<li>Solicit\u0103 asisten\u021b\u0103 medical\u0103 dac\u0103:<\/li>\n\n\n\n<li>Bebelu\u0219ul are febr\u0103 mare (peste 38\u00b0C)<\/li>\n\n\n\n<li>Exist\u0103 o umfl\u0103tur\u0103 vizibil\u0103 sau un nodul la g\u00e2t<\/li>\n\n\n\n<li>Bebelu\u0219ul refuz\u0103 s\u0103 \u00eentoarc\u0103 capul sau s\u0103 se mi\u0219te<\/li>\n\n\n\n<li>Are dificult\u0103\u021bi la hr\u0103nire sau la \u00eenghi\u021bire<\/li>\n\n\n\n<li>Simptomele dureaz\u0103 mai mult de 2 zile<\/li>\n\n\n\n<li>Bebelu\u0219ul pare letargic sau neobi\u0219nuit de iritabil<\/li>\n<\/ul>\n\n\n\n<p>S\u0103n\u0103tatea copilului t\u0103u este cea mai important\u0103. Cum ar fi s\u0103 i-o po\u021bi asigura \u0219i dup\u0103 na\u0219tere? Acest lucru este posibil prin recoltarea de celule stem la na\u0219tere. Celulele stem sunt celulele \u201eprimordiale\u201d ale organismului uman, care se pot diferen\u021bia \u00een alte tipuri de celule cu rol \u00een regenerarea la nivel tisular. Stem Cells Bank vine \u00een sprijinul t\u0103u. Consultan\u021bii no\u0219tri \u00ee\u021bi stau la dispozi\u021bie at\u00e2t telefonic, c\u00e2t \u0219i pentru a stabili o \u00eent\u00e2lnire \u00een care s\u0103 afli mai multe informa\u021bii despre posibilit\u0103\u021bile de recoltare a celulelor stem \u0219i despre op\u021biunile de stocare, \u00een a\u0219a fel \u00eenc\u00e2t tu s\u0103 po\u021bi lua cea mai sigur\u0103 decizie fiind informat\u0103 corect despre aceste aspecte.<\/p>\n\n\n\n<p><\/p>\n","protected":false},"excerpt":{"rendered":"<p>Ca p\u0103rinte, poate fi \u00eengrijor\u0103tor s\u0103 observi c\u0103 bebelu\u0219ul t\u0103u se simte inconfortabil sau iritat \u00een timpul verii &#8211; mai ales dac\u0103 pare s\u0103 aib\u0103 ceea ce unii numesc \u201ero\u0219u \u00een g\u00e2t\u201d. De\u0219i acesta nu este un termen medical, este [&hellip;]<\/p>\n","protected":false},"author":1,"featured_media":2696,"comment_status":"open","ping_status":"open","sticky":false,"template":"","format":"standard","meta":{"footnotes":""},"categories":[5],"tags":[561],"class_list":["post-2699","post","type-post","status-publish","format-standard","has-post-thumbnail","hentry","category-parenting","tag-rosu-in-gat-la-bebelusi"],"_links":{"self":[{"href":"http:\/\/stemcellsbank.ro\/blog\/wp-json\/wp\/v2\/posts\/2699","targetHints":{"allow":["GET"]}}],"collection":[{"href":"http:\/\/stemcellsbank.ro\/blog\/wp-json\/wp\/v2\/posts"}],"about":[{"href":"http:\/\/stemcellsbank.ro\/blog\/wp-json\/wp\/v2\/types\/post"}],"author":[{"embeddable":true,"href":"http:\/\/stemcellsbank.ro\/blog\/wp-json\/wp\/v2\/users\/1"}],"replies":[{"embeddable":true,"href":"http:\/\/stemcellsbank.ro\/blog\/wp-json\/wp\/v2\/comments?post=2699"}],"version-history":[{"count":1,"href":"http:\/\/stemcellsbank.ro\/blog\/wp-json\/wp\/v2\/posts\/2699\/revisions"}],"predecessor-version":[{"id":2700,"href":"http:\/\/stemcellsbank.ro\/blog\/wp-json\/wp\/v2\/posts\/2699\/revisions\/2700"}],"wp:featuredmedia":[{"embeddable":true,"href":"http:\/\/stemcellsbank.ro\/blog\/wp-json\/wp\/v2\/media\/2696"}],"wp:attachment":[{"href":"http:\/\/stemcellsbank.ro\/blog\/wp-json\/wp\/v2\/media?parent=2699"}],"wp:term":[{"taxonomy":"category","embeddable":true,"href":"http:\/\/stemcellsbank.ro\/blog\/wp-json\/wp\/v2\/categories?post=2699"},{"taxonomy":"post_tag","embeddable":true,"href":"http:\/\/stemcellsbank.ro\/blog\/wp-json\/wp\/v2\/tags?post=2699"}],"curies":[{"name":"wp","href":"https:\/\/api.w.org\/{rel}","templated":true}]}}