{"id":2574,"date":"2025-02-13T03:36:00","date_gmt":"2025-02-13T03:36:00","guid":{"rendered":"https:\/\/stemcellsbank.ro\/blog\/?p=2574"},"modified":"2025-03-04T03:37:40","modified_gmt":"2025-03-04T03:37:40","slug":"5-principale-afectiuni-ale-bebelusilor-primavara","status":"publish","type":"post","link":"http:\/\/stemcellsbank.ro\/blog\/5-principale-afectiuni-ale-bebelusilor-primavara","title":{"rendered":"5 principale afec\u021biuni ale bebelu\u0219ilor prim\u0103vara"},"content":{"rendered":"\n<figure class=\"wp-block-image size-large\"><a href=\"http:\/\/stemcellsbank.ro\/blog\/wp-content\/uploads\/2025\/03\/4.jpg\"><img loading=\"lazy\" decoding=\"async\" width=\"1024\" height=\"536\" src=\"http:\/\/stemcellsbank.ro\/blog\/wp-content\/uploads\/2025\/03\/4-1024x536.jpg\" alt=\"\" class=\"wp-image-2565\" srcset=\"http:\/\/stemcellsbank.ro\/blog\/wp-content\/uploads\/2025\/03\/4-1024x536.jpg 1024w, http:\/\/stemcellsbank.ro\/blog\/wp-content\/uploads\/2025\/03\/4-300x157.jpg 300w, http:\/\/stemcellsbank.ro\/blog\/wp-content\/uploads\/2025\/03\/4-768x402.jpg 768w, http:\/\/stemcellsbank.ro\/blog\/wp-content\/uploads\/2025\/03\/4-600x314.jpg 600w, http:\/\/stemcellsbank.ro\/blog\/wp-content\/uploads\/2025\/03\/4.jpg 1200w\" sizes=\"auto, (max-width: 1024px) 100vw, 1024px\" \/><\/a><\/figure>\n\n\n\n<p><\/p>\n\n\n\n<p>Prim\u0103vara este un sezon de re\u00eennoire \u0219i cre\u0219tere, dar pentru bebelu\u0219i poate aduce \u0219i o serie de provoc\u0103ri pentru s\u0103n\u0103tate. Pe m\u0103sur\u0103 ce vremea se \u00eenc\u0103lze\u0219te \u0219i plantele \u00eenfloresc, sugarii pot fi mai sensibili la anumite boli \u0219i condi\u021bii. Afl\u0103 care sunt principalele 5 afec\u021biuni care afecteaz\u0103 bebelu\u0219ii \u00een timpul prim\u0103verii, cauzele, simptomele \u0219i m\u0103surile preventive ale acestora.<\/p>\n\n\n\n<p><strong>1. Alergiile<\/strong><\/p>\n\n\n\n<p>Odat\u0103 cu debutul prim\u0103verii, nivelul de polen cre\u0219te din cauza \u00eenfloririi copacilor, florilor \u0219i ierburilor. Bebelu\u0219ii, \u00een special cei cu antecedente familiale de alergii, pot dezvolta reac\u021bii alergice.<\/p>\n\n\n\n<p>Simptomele pot include:<\/p>\n\n\n\n<ul class=\"wp-block-list\">\n<li>Str\u0103nut<\/li>\n\n\n\n<li>Curgerea nasului sau nas \u00eenfundat<\/li>\n\n\n\n<li>M\u00e2nc\u0103rimi sau l\u0103crimare la ochi<\/li>\n\n\n\n<li>Erup\u021bii cutanate<\/li>\n<\/ul>\n\n\n\n<p>Iat\u0103 cum po\u021bi s\u0103 previi<\/p>\n\n\n\n<p>\u021aine ferestrele \u00eenchise \u00een timpul cre\u0219terilor de polen.<\/p>\n\n\n\n<p>Folose\u0219te purificatoare de aer \u00een cas\u0103.<\/p>\n\n\n\n<p>Consult\u0103 un medic pediatru pentru testarea alergiilor \u0219i posibilele tratamente.<\/p>\n\n\n\n<p><strong>2. Infec\u021bii respiratorii<\/strong><\/p>\n\n\n\n<p>Prim\u0103vara poate duce, de asemenea, la temperaturi fluctuante, care pot contribui la infec\u021bii respiratorii. Viru\u0219i precum RSV (Virus respirator sinci\u021bial) sunt frecvente.<\/p>\n\n\n\n<p>Simptomele includ:<\/p>\n\n\n\n<ul class=\"wp-block-list\">\n<li>Tuse<\/li>\n\n\n\n<li>Wheezing<\/li>\n\n\n\n<li>Dificultate la respira\u021bie<\/li>\n\n\n\n<li>Febr\u0103<\/li>\n<\/ul>\n\n\n\n<p>Iat\u0103 cum po\u021bi s\u0103 previi&nbsp;<\/p>\n\n\n\n<p>Practic\u0103 o bun\u0103 igien\u0103 a m\u00e2inilor.<\/p>\n\n\n\n<p>Evit\u0103 contactul apropiat cu persoanele bolnave.<\/p>\n\n\n\n<p>Asigur\u0103-te c\u0103 vaccin\u0103rile sunt la zi.<\/p>\n\n\n\n<p><strong>3. Gastroenterita<\/strong><\/p>\n\n\n\n<p>Gastroenterita, cunoscut\u0103 \u00een mod obi\u0219nuit sub numele de grip\u0103 gastric\u0103, se poate r\u0103sp\u00e2ndi mai u\u0219or pe vreme mai cald\u0103, pe m\u0103sur\u0103 ce familiile se adun\u0103 pentru activit\u0103\u021bi \u00een aer liber \u0219i picnicuri.<\/p>\n\n\n\n<p>Simptomele pot include:<\/p>\n\n\n\n<ul class=\"wp-block-list\">\n<li>V\u0103rs\u0103turi<\/li>\n\n\n\n<li>Diaree<\/li>\n\n\n\n<li>Dureri abdominale<\/li>\n\n\n\n<li>Febr\u0103<\/li>\n\n\n\n<li><\/li>\n<\/ul>\n\n\n\n<p>Iat\u0103 cum po\u021bi s\u0103 previi<\/p>\n\n\n\n<p>Asigur\u0103 manipularea \u0219i igiena corespunz\u0103toare a alimentelor.<\/p>\n\n\n\n<p>Men\u021bine bebelu\u0219ul hidratat, mai ales daca d\u0103 semne de deshidratare.<\/p>\n\n\n\n<p>Consult\u0103 un furnizor de asisten\u021b\u0103 medical\u0103 dac\u0103 simptomele persist\u0103.<\/p>\n\n\n\n<p><strong>4. \u00cen\u021bep\u0103turile de insecte<\/strong><\/p>\n\n\n\n<p>Pe m\u0103sur\u0103 ce vremea se \u00eenc\u0103lze\u0219te, insectele precum \u021b\u00e2n\u021barii \u0219i c\u0103pu\u0219ele devin mai active, cresc\u00e2nd riscul de mu\u0219c\u0103turi \u0219i \u00een\u021bep\u0103turi.<\/p>\n\n\n\n<p>Simptomele pot varia, dar adesea includ:<\/p>\n\n\n\n<ul class=\"wp-block-list\">\n<li>Ro\u0219ea\u021b\u0103 \u0219i umflare la locul mu\u0219c\u0103turii<\/li>\n\n\n\n<li>M\u00e2nc\u0103rime<\/li>\n\n\n\n<li>Febr\u0103 (\u00een caz de infec\u021bii)<\/li>\n<\/ul>\n\n\n\n<p>Iat\u0103 cum po\u021bi s\u0103 previi<\/p>\n\n\n\n<p>Folose\u0219te insecticide potrivite pentru sugari.<\/p>\n\n\n\n<p>\u00cembrac\u0103 bebelu\u0219ul cu haine deschise la culoare, care s\u0103 acopere pielea.<\/p>\n\n\n\n<p>Verific\u0103 \u00een mod regulat dac\u0103 exist\u0103 c\u0103pu\u0219e dup\u0103 activit\u0103\u021bile \u00een aer liber.<\/p>\n\n\n\n<p><strong>5. Boala gur\u0103, m\u00e2n\u0103, picior<\/strong><\/p>\n\n\n\n<p>Aceast\u0103 infec\u021bie viral\u0103 este frecvent\u0103 prim\u0103vara \u0219i este foarte contagioas\u0103, \u00een special \u00een r\u00e2ndul copiilor mici.<\/p>\n\n\n\n<p>Simptomele includ:<\/p>\n\n\n\n<ul class=\"wp-block-list\">\n<li>Febr\u0103<\/li>\n\n\n\n<li>Leziuni bucale<\/li>\n\n\n\n<li>Erup\u021bii cutanate pe m\u00e2ini \u0219i picioare<\/li>\n<\/ul>\n\n\n\n<p><strong>Iat\u0103 cum po\u021bi s\u0103 previi<\/strong><\/p>\n\n\n\n<p>P\u0103streaz\u0103 o igien\u0103 bun\u0103, inclusiv sp\u0103larea frecvent\u0103 a m\u00e2inilor.<\/p>\n\n\n\n<p>Evit\u0103 contactul apropiat cu persoanele infectate.<\/p>\n\n\n\n<p>Solicit\u0103 sfatul medicului dac\u0103 apar simptome.<\/p>\n\n\n\n<p>S\u0103n\u0103tatea copilului t\u0103u este cea mai important\u0103. Cum ar fi s\u0103 i-o po\u021bi asigura \u0219i dup\u0103 na\u0219tere? Acest lucru este posibil prin recoltarea de celule stem la na\u0219tere. Celulele stem sunt celulele \u201eprimordiale\u201d ale organismului uman, care se pot diferen\u021bia \u00een alte tipuri de celule cu rol \u00een regenerarea la nivel tisular. Stem Cells Bank vine \u00een sprijinul t\u0103u. Consultan\u021bii no\u0219tri \u00ee\u021bi stau la dispozi\u021bie at\u00e2t telefonic, c\u00e2t \u0219i pentru a stabili o \u00eent\u00e2lnire \u00een care s\u0103 afli mai multe informa\u021bii despre posibilit\u0103\u021bile de recoltare a celulelor stem \u0219i despre op\u021biunile de stocare, \u00een a\u0219a fel \u00eenc\u00e2t tu s\u0103 po\u021bi lua cea mai sigur\u0103 decizie fiind informat\u0103 corect despre aceste aspecte.<\/p>\n","protected":false},"excerpt":{"rendered":"<p>Prim\u0103vara este un sezon de re\u00eennoire \u0219i cre\u0219tere, dar pentru bebelu\u0219i poate aduce \u0219i o serie de provoc\u0103ri pentru s\u0103n\u0103tate. Pe m\u0103sur\u0103 ce vremea se \u00eenc\u0103lze\u0219te \u0219i plantele \u00eenfloresc, sugarii pot fi mai sensibili la anumite boli \u0219i condi\u021bii. Afl\u0103 [&hellip;]<\/p>\n","protected":false},"author":1,"featured_media":2565,"comment_status":"open","ping_status":"open","sticky":false,"template":"","format":"standard","meta":{"footnotes":""},"categories":[5],"tags":[525],"class_list":["post-2574","post","type-post","status-publish","format-standard","has-post-thumbnail","hentry","category-parenting","tag-afectiuni-bebelusi-primavara"],"_links":{"self":[{"href":"http:\/\/stemcellsbank.ro\/blog\/wp-json\/wp\/v2\/posts\/2574","targetHints":{"allow":["GET"]}}],"collection":[{"href":"http:\/\/stemcellsbank.ro\/blog\/wp-json\/wp\/v2\/posts"}],"about":[{"href":"http:\/\/stemcellsbank.ro\/blog\/wp-json\/wp\/v2\/types\/post"}],"author":[{"embeddable":true,"href":"http:\/\/stemcellsbank.ro\/blog\/wp-json\/wp\/v2\/users\/1"}],"replies":[{"embeddable":true,"href":"http:\/\/stemcellsbank.ro\/blog\/wp-json\/wp\/v2\/comments?post=2574"}],"version-history":[{"count":1,"href":"http:\/\/stemcellsbank.ro\/blog\/wp-json\/wp\/v2\/posts\/2574\/revisions"}],"predecessor-version":[{"id":2575,"href":"http:\/\/stemcellsbank.ro\/blog\/wp-json\/wp\/v2\/posts\/2574\/revisions\/2575"}],"wp:featuredmedia":[{"embeddable":true,"href":"http:\/\/stemcellsbank.ro\/blog\/wp-json\/wp\/v2\/media\/2565"}],"wp:attachment":[{"href":"http:\/\/stemcellsbank.ro\/blog\/wp-json\/wp\/v2\/media?parent=2574"}],"wp:term":[{"taxonomy":"category","embeddable":true,"href":"http:\/\/stemcellsbank.ro\/blog\/wp-json\/wp\/v2\/categories?post=2574"},{"taxonomy":"post_tag","embeddable":true,"href":"http:\/\/stemcellsbank.ro\/blog\/wp-json\/wp\/v2\/tags?post=2574"}],"curies":[{"name":"wp","href":"https:\/\/api.w.org\/{rel}","templated":true}]}}